{"id":566,"date":"2019-07-15T10:58:43","date_gmt":"2019-07-15T10:58:43","guid":{"rendered":"http:\/\/165.227.151.65\/?p=566"},"modified":"2019-08-02T15:04:16","modified_gmt":"2019-08-02T15:04:16","slug":"sustainable-thinking-ferragamo-mostra-firenze","status":"publish","type":"post","link":"https:\/\/www.antichedimorefiorentine.it\/it\/post-suggeriti\/sustainable-thinking-ferragamo-mostra-firenze\/","title":{"rendered":"Sustainable Thinking Fondazione Ferragamo Firenze"},"content":{"rendered":"<p>Tra le mostre da non perdere a Firenze in questa stagione, spicca senz\u2019altro &#8220;<strong>Suistainable Thinking<\/strong>&#8221; firmata Salvatore Ferragamo, promossa dal comune di Firenze, in collaborazione con il Museo di Palazzo Vecchio e il Museo del Novecento.<\/p>\n<p>La mostra Sustainable Thinking, come dice il nome stesso, \u00e8 <strong>dedicata al concetto di sostenibilit<\/strong>\u00e0, definita come la capacit\u00e0 dell\u2019uomo di soddisfare i bisogni del presente senza compromettere il futuro delle generazioni che verranno.<\/p>\n<p>Una sfida e una tematica di grande attualit\u00e0, legate alla <strong>protezione dell\u2019ambiente<\/strong> e ad alternative tecniche di produzione in un\u2019industria come la moda, che \u00e8 recentemente stata classificata come la pi\u00f9 inquinante del pianeta.<\/p>\n<p>Un equilibrio che si pu\u00f2 raggiungere solo con un modo di pensare consapevole e condiviso, volto a creare nuove strategie di sviluppo e convivenza, tematiche su cui Sustainable Thinking mira a far riflettere, attraverso la prospettiva dell\u2019arte e della moda.<\/p>\n<p>Uno sguardo ai molti artisti che stanno cercando di <strong>recuperare un rapporto con la natura<\/strong>, con l\u2019impiego di materie organiche, e con il riuso dei materiali, e nell\u2019attenzione tra natura e tecnica, nell\u2019impegno a non inquinare.<\/p>\n<p><img loading=\"lazy\" decoding=\"async\" class=\"wp-image-1138 aligncenter\" src=\"http:\/\/165.227.151.65\/wp-content\/uploads\/2019\/07\/Screenshot-2019-07-23-at-15.26.45-300x102.png\" alt=\"sustainable thinking\" width=\"708\" height=\"241\" srcset=\"https:\/\/www.antichedimorefiorentine.it\/wp-content\/uploads\/2019\/07\/Screenshot-2019-07-23-at-15.26.45-300x102.png 300w, https:\/\/www.antichedimorefiorentine.it\/wp-content\/uploads\/2019\/07\/Screenshot-2019-07-23-at-15.26.45.png 557w\" sizes=\"auto, (max-width: 708px) 100vw, 708px\" \/><\/p>\n<p>L\u2019<strong>industria della mod<\/strong>a si trova infatti a un bivio storico, all\u2019incontro con una nuova generazione di designer, ma anche in un rebranding sociale dei marchi pi\u00f9 consolidati, che stanno cercando di assumere una nuova immagine pi\u00f9 sostenibile, usando materiali pi\u00f9 ecologici e perfezionando il processo produttivo, rendendolo il meno impattante possibile sull\u2019ambiente.<\/p>\n<p>In questa mostra, <strong>dal 12 aprile 2019 all\u20198 marzo 2020<\/strong> a Palazzo Spini Feroni, si possono ammirare gli spunti di salvaguardia ambientale globale di artisti, fashion designer, aziende produttrici di tessuti e filati.<\/p>\n<p>L\u2019esibizione \u00e8 aperta ogni giorno dalle 10 alle 19.30, escluso il 15.8, 25.12 e 1.1; con un costo d\u2019entrata di 9 euro. Il progetto espositivo procede poi nelle sale partner della Sala delle Udienze di Palazzo Vecchio e nel Museo del Novecento.<\/p>\n<p>Se desiderate visitare questa mostra dedicata al fashion, imperdibile a Firenze, potete <strong>contattarci <\/strong>(<a href=\"mailto:info@antichedimorefiorentine.it\">info@antichedimorefiorentine.it<\/a>) per prenotare la vostra stanza e ricevere un\u2019assistenza personalizzata per visitare la mostra e prenotarne i biglietti.<\/p>\n<p>Sustainable Thinking \u00e8 facilmente raggiungibile dalle Antiche Dimore Fiorentine, per i pi\u00f9 sportivi che vogliono andare a piedi si trova a circa 15\/20 minuti di camminata, altrimenti per chi preferisce spostarsi in maniera pi\u00f9 comoda, da Piazza San Marco si pu\u00f2 prendere il bus 11 o un taxi, ed arrivare nel luogo della mostra in circa dieci minuti.<\/p>\n<p>Non mancate!<\/p>\n<h2 style=\"text-align: center;\"><a href=\"https:\/\/book.ermeshotels.com\/#\/hotel\/2416\/channel\/934\/language\/2\/rooms\" target=\"_blank\" rel=\"noopener noreferrer\">Prenotate online<\/a> il vostro soggiorno a Firenze<\/h2>\n<h2 style=\"text-align: center;\">alle migliori tariffe disponibili!<\/h2>\n<hr \/>\n<h2 style=\"text-align: center;\"><\/h2>\n","protected":false},"excerpt":{"rendered":"<p>Tra le attuali mostre a Firenze spicca Sustainable Thinking, dedicata al mondo della moda sostenibile by Salvatore Ferragamo. Prenota la tua stanza a Firenze!<\/p>\n","protected":false},"author":5,"featured_media":576,"comment_status":"open","ping_status":"closed","sticky":false,"template":"","format":"standard","meta":{"_acf_changed":false,"footnotes":""},"categories":[11,8],"tags":[],"class_list":["post-566","post","type-post","status-publish","format-standard","has-post-thumbnail","hentry","category-arte-cultura-a-firenze","category-post-suggeriti"],"acf":[],"yoast_head":"<!-- This site is optimized with the Yoast SEO plugin v25.3.1 - https:\/\/yoast.com\/wordpress\/plugins\/seo\/ -->\n<title>Sustainable Thinking Ferragamo Mostra a Firenze | Antiche Dimore<\/title>\n<meta name=\"description\" content=\"Tra le attuali mostre a Firenze spicca Sustainable Thinking, dedicata al mondo della moda sostenibile by Salvatore Ferragamo. Prenota la tua stanza!\" \/>\n<meta name=\"robots\" content=\"index, follow, max-snippet:-1, max-image-preview:large, max-video-preview:-1\" \/>\n<link rel=\"canonical\" href=\"https:\/\/www.antichedimorefiorentine.it\/it\/post-suggeriti\/sustainable-thinking-ferragamo-mostra-firenze\/\" \/>\n<meta property=\"og:locale\" content=\"it_IT\" \/>\n<meta property=\"og:type\" content=\"article\" \/>\n<meta property=\"og:title\" content=\"Sustainable Thinking Ferragamo Mostra a Firenze | Antiche Dimore\" \/>\n<meta property=\"og:description\" content=\"Tra le attuali mostre a Firenze spicca Sustainable Thinking, dedicata al mondo della moda sostenibile by Salvatore Ferragamo. Prenota la tua stanza!\" \/>\n<meta property=\"og:url\" content=\"https:\/\/www.antichedimorefiorentine.it\/it\/post-suggeriti\/sustainable-thinking-ferragamo-mostra-firenze\/\" \/>\n<meta property=\"og:site_name\" content=\"Antiche Dimore Fiorentine\" \/>\n<meta property=\"article:published_time\" content=\"2019-07-15T10:58:43+00:00\" \/>\n<meta property=\"article:modified_time\" content=\"2019-08-02T15:04:16+00:00\" \/>\n<meta property=\"og:image\" content=\"https:\/\/www.antichedimorefiorentine.it\/wp-content\/uploads\/2019\/07\/Suistainable-Thinking-Exhibition-Firenze.jpg\" \/>\n\t<meta property=\"og:image:width\" content=\"500\" \/>\n\t<meta property=\"og:image:height\" content=\"235\" \/>\n\t<meta property=\"og:image:type\" content=\"image\/jpeg\" \/>\n<meta name=\"author\" content=\"sviluppatore\" \/>\n<meta name=\"twitter:card\" content=\"summary_large_image\" \/>\n<meta name=\"twitter:label1\" content=\"Scritto da\" \/>\n\t<meta name=\"twitter:data1\" content=\"sviluppatore\" \/>\n\t<meta name=\"twitter:label2\" content=\"Tempo di lettura stimato\" \/>\n\t<meta name=\"twitter:data2\" content=\"2 minuti\" \/>\n<script type=\"application\/ld+json\" class=\"yoast-schema-graph\">{\"@context\":\"https:\/\/schema.org\",\"@graph\":[{\"@type\":\"Article\",\"@id\":\"https:\/\/www.antichedimorefiorentine.it\/it\/post-suggeriti\/sustainable-thinking-ferragamo-mostra-firenze\/#article\",\"isPartOf\":{\"@id\":\"https:\/\/www.antichedimorefiorentine.it\/it\/post-suggeriti\/sustainable-thinking-ferragamo-mostra-firenze\/\"},\"author\":{\"name\":\"sviluppatore\",\"@id\":\"https:\/\/www.antichedimorefiorentine.it\/it\/#\/schema\/person\/886b0e7dcfe6adafac838749734405c1\"},\"headline\":\"Sustainable Thinking Fondazione Ferragamo Firenze\",\"datePublished\":\"2019-07-15T10:58:43+00:00\",\"dateModified\":\"2019-08-02T15:04:16+00:00\",\"mainEntityOfPage\":{\"@id\":\"https:\/\/www.antichedimorefiorentine.it\/it\/post-suggeriti\/sustainable-thinking-ferragamo-mostra-firenze\/\"},\"wordCount\":415,\"commentCount\":0,\"publisher\":{\"@id\":\"https:\/\/www.antichedimorefiorentine.it\/it\/#organization\"},\"image\":{\"@id\":\"https:\/\/www.antichedimorefiorentine.it\/it\/post-suggeriti\/sustainable-thinking-ferragamo-mostra-firenze\/#primaryimage\"},\"thumbnailUrl\":\"https:\/\/www.antichedimorefiorentine.it\/wp-content\/uploads\/2019\/07\/Suistainable-Thinking-Exhibition-Firenze.jpg\",\"articleSection\":[\"Arte e Cultura a Firenze\",\"Post suggeriti\"],\"inLanguage\":\"it-IT\"},{\"@type\":\"WebPage\",\"@id\":\"https:\/\/www.antichedimorefiorentine.it\/it\/post-suggeriti\/sustainable-thinking-ferragamo-mostra-firenze\/\",\"url\":\"https:\/\/www.antichedimorefiorentine.it\/it\/post-suggeriti\/sustainable-thinking-ferragamo-mostra-firenze\/\",\"name\":\"Sustainable Thinking Ferragamo Mostra a Firenze | Antiche Dimore\",\"isPartOf\":{\"@id\":\"https:\/\/www.antichedimorefiorentine.it\/it\/#website\"},\"primaryImageOfPage\":{\"@id\":\"https:\/\/www.antichedimorefiorentine.it\/it\/post-suggeriti\/sustainable-thinking-ferragamo-mostra-firenze\/#primaryimage\"},\"image\":{\"@id\":\"https:\/\/www.antichedimorefiorentine.it\/it\/post-suggeriti\/sustainable-thinking-ferragamo-mostra-firenze\/#primaryimage\"},\"thumbnailUrl\":\"https:\/\/www.antichedimorefiorentine.it\/wp-content\/uploads\/2019\/07\/Suistainable-Thinking-Exhibition-Firenze.jpg\",\"datePublished\":\"2019-07-15T10:58:43+00:00\",\"dateModified\":\"2019-08-02T15:04:16+00:00\",\"description\":\"Tra le attuali mostre a Firenze spicca Sustainable Thinking, dedicata al mondo della moda sostenibile by Salvatore Ferragamo. Prenota la tua stanza!\",\"breadcrumb\":{\"@id\":\"https:\/\/www.antichedimorefiorentine.it\/it\/post-suggeriti\/sustainable-thinking-ferragamo-mostra-firenze\/#breadcrumb\"},\"inLanguage\":\"it-IT\",\"potentialAction\":[{\"@type\":\"ReadAction\",\"target\":[\"https:\/\/www.antichedimorefiorentine.it\/it\/post-suggeriti\/sustainable-thinking-ferragamo-mostra-firenze\/\"]}]},{\"@type\":\"ImageObject\",\"inLanguage\":\"it-IT\",\"@id\":\"https:\/\/www.antichedimorefiorentine.it\/it\/post-suggeriti\/sustainable-thinking-ferragamo-mostra-firenze\/#primaryimage\",\"url\":\"https:\/\/www.antichedimorefiorentine.it\/wp-content\/uploads\/2019\/07\/Suistainable-Thinking-Exhibition-Firenze.jpg\",\"contentUrl\":\"https:\/\/www.antichedimorefiorentine.it\/wp-content\/uploads\/2019\/07\/Suistainable-Thinking-Exhibition-Firenze.jpg\",\"width\":500,\"height\":235,\"caption\":\"Suistainable-Thinking-Exhibition-Firenze\"},{\"@type\":\"BreadcrumbList\",\"@id\":\"https:\/\/www.antichedimorefiorentine.it\/it\/post-suggeriti\/sustainable-thinking-ferragamo-mostra-firenze\/#breadcrumb\",\"itemListElement\":[{\"@type\":\"ListItem\",\"position\":1,\"name\":\"Home\",\"item\":\"https:\/\/www.antichedimorefiorentine.it\/it\/\"},{\"@type\":\"ListItem\",\"position\":2,\"name\":\"Sustainable Thinking Fondazione Ferragamo Firenze\"}]},{\"@type\":\"WebSite\",\"@id\":\"https:\/\/www.antichedimorefiorentine.it\/it\/#website\",\"url\":\"https:\/\/www.antichedimorefiorentine.it\/it\/\",\"name\":\"Antiche Dimore Fiorentine\",\"description\":\"Just another WordPress site\",\"publisher\":{\"@id\":\"https:\/\/www.antichedimorefiorentine.it\/it\/#organization\"},\"potentialAction\":[{\"@type\":\"SearchAction\",\"target\":{\"@type\":\"EntryPoint\",\"urlTemplate\":\"https:\/\/www.antichedimorefiorentine.it\/it\/?s={search_term_string}\"},\"query-input\":{\"@type\":\"PropertyValueSpecification\",\"valueRequired\":true,\"valueName\":\"search_term_string\"}}],\"inLanguage\":\"it-IT\"},{\"@type\":\"Organization\",\"@id\":\"https:\/\/www.antichedimorefiorentine.it\/it\/#organization\",\"name\":\"Antiche Dimore Fiorentine\",\"url\":\"https:\/\/www.antichedimorefiorentine.it\/it\/\",\"logo\":{\"@type\":\"ImageObject\",\"inLanguage\":\"it-IT\",\"@id\":\"https:\/\/www.antichedimorefiorentine.it\/it\/#\/schema\/logo\/image\/\",\"url\":\"https:\/\/www.antichedimorefiorentine.it\/wp-content\/uploads\/2019\/08\/adf_logo.png\",\"contentUrl\":\"https:\/\/www.antichedimorefiorentine.it\/wp-content\/uploads\/2019\/08\/adf_logo.png\",\"width\":300,\"height\":64,\"caption\":\"Antiche Dimore Fiorentine\"},\"image\":{\"@id\":\"https:\/\/www.antichedimorefiorentine.it\/it\/#\/schema\/logo\/image\/\"}},{\"@type\":\"Person\",\"@id\":\"https:\/\/www.antichedimorefiorentine.it\/it\/#\/schema\/person\/886b0e7dcfe6adafac838749734405c1\",\"name\":\"sviluppatore\",\"image\":{\"@type\":\"ImageObject\",\"inLanguage\":\"it-IT\",\"@id\":\"https:\/\/www.antichedimorefiorentine.it\/it\/#\/schema\/person\/image\/\",\"url\":\"https:\/\/secure.gravatar.com\/avatar\/01addbe0febb881253d5dbd3c343438c0168584e35650398b798f402f3f0adca?s=96&d=mm&r=g\",\"contentUrl\":\"https:\/\/secure.gravatar.com\/avatar\/01addbe0febb881253d5dbd3c343438c0168584e35650398b798f402f3f0adca?s=96&d=mm&r=g\",\"caption\":\"sviluppatore\"}}]}<\/script>\n<!-- \/ Yoast SEO plugin. -->","yoast_head_json":{"title":"Sustainable Thinking Ferragamo Mostra a Firenze | Antiche Dimore","description":"Tra le attuali mostre a Firenze spicca Sustainable Thinking, dedicata al mondo della moda sostenibile by Salvatore Ferragamo. Prenota la tua stanza!","robots":{"index":"index","follow":"follow","max-snippet":"max-snippet:-1","max-image-preview":"max-image-preview:large","max-video-preview":"max-video-preview:-1"},"canonical":"https:\/\/www.antichedimorefiorentine.it\/it\/post-suggeriti\/sustainable-thinking-ferragamo-mostra-firenze\/","og_locale":"it_IT","og_type":"article","og_title":"Sustainable Thinking Ferragamo Mostra a Firenze | Antiche Dimore","og_description":"Tra le attuali mostre a Firenze spicca Sustainable Thinking, dedicata al mondo della moda sostenibile by Salvatore Ferragamo. Prenota la tua stanza!","og_url":"https:\/\/www.antichedimorefiorentine.it\/it\/post-suggeriti\/sustainable-thinking-ferragamo-mostra-firenze\/","og_site_name":"Antiche Dimore Fiorentine","article_published_time":"2019-07-15T10:58:43+00:00","article_modified_time":"2019-08-02T15:04:16+00:00","og_image":[{"width":500,"height":235,"url":"https:\/\/www.antichedimorefiorentine.it\/wp-content\/uploads\/2019\/07\/Suistainable-Thinking-Exhibition-Firenze.jpg","type":"image\/jpeg"}],"author":"sviluppatore","twitter_card":"summary_large_image","twitter_misc":{"Scritto da":"sviluppatore","Tempo di lettura stimato":"2 minuti"},"schema":{"@context":"https:\/\/schema.org","@graph":[{"@type":"Article","@id":"https:\/\/www.antichedimorefiorentine.it\/it\/post-suggeriti\/sustainable-thinking-ferragamo-mostra-firenze\/#article","isPartOf":{"@id":"https:\/\/www.antichedimorefiorentine.it\/it\/post-suggeriti\/sustainable-thinking-ferragamo-mostra-firenze\/"},"author":{"name":"sviluppatore","@id":"https:\/\/www.antichedimorefiorentine.it\/it\/#\/schema\/person\/886b0e7dcfe6adafac838749734405c1"},"headline":"Sustainable Thinking Fondazione Ferragamo Firenze","datePublished":"2019-07-15T10:58:43+00:00","dateModified":"2019-08-02T15:04:16+00:00","mainEntityOfPage":{"@id":"https:\/\/www.antichedimorefiorentine.it\/it\/post-suggeriti\/sustainable-thinking-ferragamo-mostra-firenze\/"},"wordCount":415,"commentCount":0,"publisher":{"@id":"https:\/\/www.antichedimorefiorentine.it\/it\/#organization"},"image":{"@id":"https:\/\/www.antichedimorefiorentine.it\/it\/post-suggeriti\/sustainable-thinking-ferragamo-mostra-firenze\/#primaryimage"},"thumbnailUrl":"https:\/\/www.antichedimorefiorentine.it\/wp-content\/uploads\/2019\/07\/Suistainable-Thinking-Exhibition-Firenze.jpg","articleSection":["Arte e Cultura a Firenze","Post suggeriti"],"inLanguage":"it-IT"},{"@type":"WebPage","@id":"https:\/\/www.antichedimorefiorentine.it\/it\/post-suggeriti\/sustainable-thinking-ferragamo-mostra-firenze\/","url":"https:\/\/www.antichedimorefiorentine.it\/it\/post-suggeriti\/sustainable-thinking-ferragamo-mostra-firenze\/","name":"Sustainable Thinking Ferragamo Mostra a Firenze | Antiche Dimore","isPartOf":{"@id":"https:\/\/www.antichedimorefiorentine.it\/it\/#website"},"primaryImageOfPage":{"@id":"https:\/\/www.antichedimorefiorentine.it\/it\/post-suggeriti\/sustainable-thinking-ferragamo-mostra-firenze\/#primaryimage"},"image":{"@id":"https:\/\/www.antichedimorefiorentine.it\/it\/post-suggeriti\/sustainable-thinking-ferragamo-mostra-firenze\/#primaryimage"},"thumbnailUrl":"https:\/\/www.antichedimorefiorentine.it\/wp-content\/uploads\/2019\/07\/Suistainable-Thinking-Exhibition-Firenze.jpg","datePublished":"2019-07-15T10:58:43+00:00","dateModified":"2019-08-02T15:04:16+00:00","description":"Tra le attuali mostre a Firenze spicca Sustainable Thinking, dedicata al mondo della moda sostenibile by Salvatore Ferragamo. Prenota la tua stanza!","breadcrumb":{"@id":"https:\/\/www.antichedimorefiorentine.it\/it\/post-suggeriti\/sustainable-thinking-ferragamo-mostra-firenze\/#breadcrumb"},"inLanguage":"it-IT","potentialAction":[{"@type":"ReadAction","target":["https:\/\/www.antichedimorefiorentine.it\/it\/post-suggeriti\/sustainable-thinking-ferragamo-mostra-firenze\/"]}]},{"@type":"ImageObject","inLanguage":"it-IT","@id":"https:\/\/www.antichedimorefiorentine.it\/it\/post-suggeriti\/sustainable-thinking-ferragamo-mostra-firenze\/#primaryimage","url":"https:\/\/www.antichedimorefiorentine.it\/wp-content\/uploads\/2019\/07\/Suistainable-Thinking-Exhibition-Firenze.jpg","contentUrl":"https:\/\/www.antichedimorefiorentine.it\/wp-content\/uploads\/2019\/07\/Suistainable-Thinking-Exhibition-Firenze.jpg","width":500,"height":235,"caption":"Suistainable-Thinking-Exhibition-Firenze"},{"@type":"BreadcrumbList","@id":"https:\/\/www.antichedimorefiorentine.it\/it\/post-suggeriti\/sustainable-thinking-ferragamo-mostra-firenze\/#breadcrumb","itemListElement":[{"@type":"ListItem","position":1,"name":"Home","item":"https:\/\/www.antichedimorefiorentine.it\/it\/"},{"@type":"ListItem","position":2,"name":"Sustainable Thinking Fondazione Ferragamo Firenze"}]},{"@type":"WebSite","@id":"https:\/\/www.antichedimorefiorentine.it\/it\/#website","url":"https:\/\/www.antichedimorefiorentine.it\/it\/","name":"Antiche Dimore Fiorentine","description":"Just another WordPress site","publisher":{"@id":"https:\/\/www.antichedimorefiorentine.it\/it\/#organization"},"potentialAction":[{"@type":"SearchAction","target":{"@type":"EntryPoint","urlTemplate":"https:\/\/www.antichedimorefiorentine.it\/it\/?s={search_term_string}"},"query-input":{"@type":"PropertyValueSpecification","valueRequired":true,"valueName":"search_term_string"}}],"inLanguage":"it-IT"},{"@type":"Organization","@id":"https:\/\/www.antichedimorefiorentine.it\/it\/#organization","name":"Antiche Dimore Fiorentine","url":"https:\/\/www.antichedimorefiorentine.it\/it\/","logo":{"@type":"ImageObject","inLanguage":"it-IT","@id":"https:\/\/www.antichedimorefiorentine.it\/it\/#\/schema\/logo\/image\/","url":"https:\/\/www.antichedimorefiorentine.it\/wp-content\/uploads\/2019\/08\/adf_logo.png","contentUrl":"https:\/\/www.antichedimorefiorentine.it\/wp-content\/uploads\/2019\/08\/adf_logo.png","width":300,"height":64,"caption":"Antiche Dimore Fiorentine"},"image":{"@id":"https:\/\/www.antichedimorefiorentine.it\/it\/#\/schema\/logo\/image\/"}},{"@type":"Person","@id":"https:\/\/www.antichedimorefiorentine.it\/it\/#\/schema\/person\/886b0e7dcfe6adafac838749734405c1","name":"sviluppatore","image":{"@type":"ImageObject","inLanguage":"it-IT","@id":"https:\/\/www.antichedimorefiorentine.it\/it\/#\/schema\/person\/image\/","url":"https:\/\/secure.gravatar.com\/avatar\/01addbe0febb881253d5dbd3c343438c0168584e35650398b798f402f3f0adca?s=96&d=mm&r=g","contentUrl":"https:\/\/secure.gravatar.com\/avatar\/01addbe0febb881253d5dbd3c343438c0168584e35650398b798f402f3f0adca?s=96&d=mm&r=g","caption":"sviluppatore"}}]}},"_links":{"self":[{"href":"https:\/\/www.antichedimorefiorentine.it\/it\/wp-json\/wp\/v2\/posts\/566","targetHints":{"allow":["GET"]}}],"collection":[{"href":"https:\/\/www.antichedimorefiorentine.it\/it\/wp-json\/wp\/v2\/posts"}],"about":[{"href":"https:\/\/www.antichedimorefiorentine.it\/it\/wp-json\/wp\/v2\/types\/post"}],"author":[{"embeddable":true,"href":"https:\/\/www.antichedimorefiorentine.it\/it\/wp-json\/wp\/v2\/users\/5"}],"replies":[{"embeddable":true,"href":"https:\/\/www.antichedimorefiorentine.it\/it\/wp-json\/wp\/v2\/comments?post=566"}],"version-history":[{"count":11,"href":"https:\/\/www.antichedimorefiorentine.it\/it\/wp-json\/wp\/v2\/posts\/566\/revisions"}],"predecessor-version":[{"id":1139,"href":"https:\/\/www.antichedimorefiorentine.it\/it\/wp-json\/wp\/v2\/posts\/566\/revisions\/1139"}],"wp:featuredmedia":[{"embeddable":true,"href":"https:\/\/www.antichedimorefiorentine.it\/it\/wp-json\/wp\/v2\/media\/576"}],"wp:attachment":[{"href":"https:\/\/www.antichedimorefiorentine.it\/it\/wp-json\/wp\/v2\/media?parent=566"}],"wp:term":[{"taxonomy":"category","embeddable":true,"href":"https:\/\/www.antichedimorefiorentine.it\/it\/wp-json\/wp\/v2\/categories?post=566"},{"taxonomy":"post_tag","embeddable":true,"href":"https:\/\/www.antichedimorefiorentine.it\/it\/wp-json\/wp\/v2\/tags?post=566"}],"curies":[{"name":"wp","href":"https:\/\/api.w.org\/{rel}","templated":true}]}}